{"id":7366,"date":"2026-04-27T13:28:14","date_gmt":"2026-04-27T18:28:14","guid":{"rendered":"https:\/\/ambquito.esteri.it\/?p=7366"},"modified":"2026-04-27T13:28:14","modified_gmt":"2026-04-27T18:28:14","slug":"lambasciatore-davoli-consegna-a-manta-lonorificenza-dellordine-della-stella-ditalia-alla-corrispondente-consolare-brenda-ratti","status":"publish","type":"post","link":"https:\/\/ambquito.esteri.it\/it\/news\/dall_ambasciata\/2026\/04\/lambasciatore-davoli-consegna-a-manta-lonorificenza-dellordine-della-stella-ditalia-alla-corrispondente-consolare-brenda-ratti\/","title":{"rendered":"L&#8217;Ambasciatore Davoli consegna a Manta l&#8217;onorificenza dell&#8217;Ordine della Stella d&#8217;Italia alla Corrispondente Consolare, Brenda Ratti"},"content":{"rendered":"<p>L\u2019Ambasciatore d\u2019Italia in Ecuador, Giovanni Davoli, ha effettuato una missione nella citt\u00e0 di Manta. Manta \u00e8 il principale centro della provincia di Manab\u00ed, importante polo economico del Paese dove risiedono alcune migliaia di italiani. <strong>L\u2019Ambasciatore ha visitato la sede dell\u2019Universit\u00e0 Laica Eloy Alfaro<\/strong>, dove si stanno compiendo i test di laboratorio relativi a nuove tecnologie di fertilizzanti per il settore agricolo promosse da un gruppo di imprenditori italiani. <strong>L\u2019Ambasciatore ha quindi presieduto la cerimonia di consegna dell\u2019onorificenza di Cavaliere dell\u2019Ordine della Stella d\u2019Italia alla signora Brenda Ratti.<\/strong><\/p>\n<p>Alla signora Ratti, italo-ecuadoriana, viene riconosciuta un\u2019ampia traiettoria d\u2019imprenditrice al servizio delle relazioni tra i due Paesi, con un importante focus sociale e di servizio alla comunit\u00e0 italiana in Manab\u00ed nella sua qualit\u00e0 di Corrispondente Consolare d\u2019Italia. All\u2019evento erano presenti diverse autorit\u00e0 locali, come l\u2019Arcivescovo di Manab\u00ed, il sindaco di Manta e membri dell\u2019Assemblea Nazionale dell\u2019Ecuador, con cui l\u2019Ambasciatore ha svolto a latere riunioni di lavoro.<\/p>\n","protected":false},"excerpt":{"rendered":"L\u2019Ambasciatore d\u2019Italia in Ecuador, Giovanni Davoli, ha effettuato una missione nella citt\u00e0 di Manta. Manta \u00e8 il principale centro della provincia di Manab\u00ed, importante polo economico del Paese dove risiedono alcune migliaia di italiani. L\u2019Ambasciatore ha visitato la sede dell\u2019Universit\u00e0 Laica Eloy Alfaro, dove si stanno compiendo i test di laboratorio relativi a nuove tecnologie [&hellip;]","protected":false},"author":4,"featured_media":7368,"comment_status":"closed","ping_status":"closed","sticky":false,"template":"","format":"standard","meta":{"footnotes":""},"tags":[],"class_list":["post-7366","post","type-post","status-publish","format-standard","has-post-thumbnail","hentry"],"_links":{"self":[{"href":"https:\/\/ambquito.esteri.it\/it\/wp-json\/wp\/v2\/posts\/7366","targetHints":{"allow":["GET"]}}],"collection":[{"href":"https:\/\/ambquito.esteri.it\/it\/wp-json\/wp\/v2\/posts"}],"about":[{"href":"https:\/\/ambquito.esteri.it\/it\/wp-json\/wp\/v2\/types\/post"}],"author":[{"embeddable":true,"href":"https:\/\/ambquito.esteri.it\/it\/wp-json\/wp\/v2\/users\/4"}],"replies":[{"embeddable":true,"href":"https:\/\/ambquito.esteri.it\/it\/wp-json\/wp\/v2\/comments?post=7366"}],"version-history":[{"count":1,"href":"https:\/\/ambquito.esteri.it\/it\/wp-json\/wp\/v2\/posts\/7366\/revisions"}],"predecessor-version":[{"id":7369,"href":"https:\/\/ambquito.esteri.it\/it\/wp-json\/wp\/v2\/posts\/7366\/revisions\/7369"}],"wp:featuredmedia":[{"embeddable":true,"href":"https:\/\/ambquito.esteri.it\/it\/wp-json\/wp\/v2\/media\/7368"}],"wp:attachment":[{"href":"https:\/\/ambquito.esteri.it\/it\/wp-json\/wp\/v2\/media?parent=7366"}],"wp:term":[{"taxonomy":"post_tag","embeddable":true,"href":"https:\/\/ambquito.esteri.it\/it\/wp-json\/wp\/v2\/tags?post=7366"}],"curies":[{"name":"wp","href":"https:\/\/api.w.org\/{rel}","templated":true}]}}