{"id":1757,"date":"2021-02-24T18:10:52","date_gmt":"2021-02-24T23:10:52","guid":{"rendered":"https:\/\/ambquito.esteri.it\/news\/dall_ambasciata\/2021\/02\/visita-consolare-cuenca-16-17-marzo\/"},"modified":"2021-02-24T18:10:52","modified_gmt":"2021-02-24T23:10:52","slug":"visita-consolare-cuenca-16-17-marzo","status":"publish","type":"post","link":"https:\/\/ambquito.esteri.it\/it\/news\/dall_ambasciata\/2021\/02\/visita-consolare-cuenca-16-17-marzo\/","title":{"rendered":"Visita consolare Cuenca 16-17 marzo 2021"},"content":{"rendered":"<p style=\"text-align: justify;\">Si informano i connazionali residenti nella Provincia di Azuay che, qualora l\u2019emergenza sanitaria lo permetta, il <strong>16 e 17 marzo<\/strong> verr\u00e0 realizzata una visita consolare nella citt\u00e0 di Cuenca.<\/p>\n<p style=\"text-align: justify;\">Nel corso della visita si proceder\u00e0 ad acquisire i dati biometrici e la documentazione dei connazionali che intendano richiedere il rilascio \/ rinnovo del passaporto.<\/p>\n<p style=\"text-align: justify;\">Gli interessati dovranno trasmettere via email, <strong>entro e non oltre il 5 marzo prossimo<\/strong>, a questo Ufficio Consolare\u00a0<strong><a href=\"mailto:consolare.quito@esteri.it\">consolare.quito@esteri.it<\/a><\/strong> \u00a0la domanda di rilascio passaporto scaricabile al seguente link: <a href=\"resource\/doc\/2019\/09\/domanda_di_rilascio_del_passaporto.pdf\"><strong>Domanda di rilascio di passaporto<\/strong><\/a>, debitamente compilata e firmata, insieme alla copia del passaporto italiano attualmente in loro possesso.<\/p>\n<p style=\"text-align: justify;\">Solamente gli utenti i cui dati A.I.R.E. (residenza, stato civile e composizione del nucleo familiare) risultino aggiornati saranno convocati presso gli Uffici del Corrispondente Consolare in Cuenca, Sig. Augusto TOSI, per poter depositare i dati biometrici e\u00a0per la consegna obbligatoria della relativa documentazione consultabile al seguente link: <strong><a href=\"it\/informazioni_e_servizi\/servizi_consolari\/passaporti\/\">Passaporti<\/a><\/strong>.<br \/>\u00a0<\/p>\n<p style=\"text-align: justify;\">Per verificare la propria posizione anagrafica, si prega di accedere alla piattaforma <strong><a href=\"https:\/\/serviziconsolarionline.esteri.it\/ScoFE\/index.sco\">FAST IT<\/a><\/strong><\/p>\n","protected":false},"excerpt":{"rendered":"Si informano i connazionali residenti nella Provincia di Azuay che, qualora l\u2019emergenza sanitaria lo permetta, il 16 e 17 marzo verr\u00e0 realizzata una visita consolare nella citt\u00e0 di Cuenca. Nel corso della visita si proceder\u00e0 ad acquisire i dati biometrici e la documentazione dei connazionali che intendano richiedere il rilascio \/ rinnovo del passaporto. Gli [&hellip;]","protected":false},"author":1,"featured_media":0,"comment_status":"","ping_status":"","sticky":false,"template":"","format":"standard","meta":{"footnotes":""},"tags":[],"class_list":["post-1757","post","type-post","status-publish","format-standard","hentry"],"_links":{"self":[{"href":"https:\/\/ambquito.esteri.it\/it\/wp-json\/wp\/v2\/posts\/1757","targetHints":{"allow":["GET"]}}],"collection":[{"href":"https:\/\/ambquito.esteri.it\/it\/wp-json\/wp\/v2\/posts"}],"about":[{"href":"https:\/\/ambquito.esteri.it\/it\/wp-json\/wp\/v2\/types\/post"}],"author":[{"embeddable":true,"href":"https:\/\/ambquito.esteri.it\/it\/wp-json\/wp\/v2\/users\/1"}],"replies":[{"embeddable":true,"href":"https:\/\/ambquito.esteri.it\/it\/wp-json\/wp\/v2\/comments?post=1757"}],"version-history":[{"count":0,"href":"https:\/\/ambquito.esteri.it\/it\/wp-json\/wp\/v2\/posts\/1757\/revisions"}],"wp:attachment":[{"href":"https:\/\/ambquito.esteri.it\/it\/wp-json\/wp\/v2\/media?parent=1757"}],"wp:term":[{"taxonomy":"post_tag","embeddable":true,"href":"https:\/\/ambquito.esteri.it\/it\/wp-json\/wp\/v2\/tags?post=1757"}],"curies":[{"name":"wp","href":"https:\/\/api.w.org\/{rel}","templated":true}]}}