{"id":1693,"date":"2021-04-15T22:45:32","date_gmt":"2021-04-16T03:45:32","guid":{"rendered":"https:\/\/ambquito.esteri.it\/news\/dall_ambasciata\/2021\/04\/visita-consolare-a-manta-19-21\/"},"modified":"2021-04-15T22:45:32","modified_gmt":"2021-04-16T03:45:32","slug":"visita-consolare-a-manta-19-21","status":"publish","type":"post","link":"https:\/\/ambquito.esteri.it\/it\/news\/dall_ambasciata\/2021\/04\/visita-consolare-a-manta-19-21\/","title":{"rendered":"Visita Consolare a Manta 19-21 maggio 2021"},"content":{"rendered":"<p style=\"text-align: justify;\">Si informano i connazionali residenti nella Provincia di <span style=\"text-decoration: underline;\"><strong>MANAB\u00cd<\/strong><\/span><strong><\/strong> che, qualora l\u2019emergenza sanitaria lo permetta, dal <span style=\"text-decoration: underline;\"><strong>19 al 21 maggio<\/strong> <\/span>prossimo sar\u00e0 realizzata una visita consolare nella citt\u00e0 di Manta.<\/p>\n<p style=\"text-align: justify;\">Nel corso della visita, oltre a trattare temi riguardanti i servizi consolari, si proceder\u00e0 ad acquisire i dati biometrici e la documentazione dei connazionali che intendano richiedere il rilascio\/rinnovo del passaporto.<\/p>\n<p style=\"text-align: justify;\">Gli interessati dovranno trasmettere via email, entro e non oltre il 10 maggio prossimo, a questo Ufficio Consolare <strong><a href=\"mailto:consolare.quito@esteri.it\">consolare.quito@esteri.it<\/a><\/strong> la domanda di rilascio passaporto scaricabile al seguente link: <a href=\"resource\/doc\/2019\/09\/domanda_di_rilascio_del_passaporto.pdf\"><strong>Domanda di rilascio di Passaporto<\/strong> <\/a>debitamente compilata e firmata, insieme alla copia del passaporto italiano attualmente in loro possesso.<\/p>\n<p style=\"text-align: justify;\">Solamente gli utenti i cui dati A.I.R.E. (residenza, stato civile e composizione del nucleo familiare) risultino aggiornati saranno convocati presso gli Uffici del Corrispondente Consolare in Manta, Sig.ra Brenda RATTI, per poter depositare i dati biometrici e consegnare obbligatoriamente la relativa documentazione consultabile al seguente link: <strong><a href=\"it\/informazioni_e_servizi\/servizi_consolari\/passaporti\/\">Passaporti<\/a>.<\/strong><\/p>\n<p style=\"text-align: justify;\">Per verificare la propria posizione anagrafica, si prega di accedere alla piattaforma <a href=\"https:\/\/serviziconsolarionline.esteri.it\/ScoFE\/index.sco\"><strong>FAST IT<\/strong><\/a>.<\/p>\n","protected":false},"excerpt":{"rendered":"Si informano i connazionali residenti nella Provincia di MANAB\u00cd che, qualora l\u2019emergenza sanitaria lo permetta, dal 19 al 21 maggio prossimo sar\u00e0 realizzata una visita consolare nella citt\u00e0 di Manta. Nel corso della visita, oltre a trattare temi riguardanti i servizi consolari, si proceder\u00e0 ad acquisire i dati biometrici e la documentazione dei connazionali che [&hellip;]","protected":false},"author":1,"featured_media":0,"comment_status":"","ping_status":"","sticky":false,"template":"","format":"standard","meta":{"footnotes":""},"tags":[],"class_list":["post-1693","post","type-post","status-publish","format-standard","hentry"],"_links":{"self":[{"href":"https:\/\/ambquito.esteri.it\/it\/wp-json\/wp\/v2\/posts\/1693","targetHints":{"allow":["GET"]}}],"collection":[{"href":"https:\/\/ambquito.esteri.it\/it\/wp-json\/wp\/v2\/posts"}],"about":[{"href":"https:\/\/ambquito.esteri.it\/it\/wp-json\/wp\/v2\/types\/post"}],"author":[{"embeddable":true,"href":"https:\/\/ambquito.esteri.it\/it\/wp-json\/wp\/v2\/users\/1"}],"replies":[{"embeddable":true,"href":"https:\/\/ambquito.esteri.it\/it\/wp-json\/wp\/v2\/comments?post=1693"}],"version-history":[{"count":0,"href":"https:\/\/ambquito.esteri.it\/it\/wp-json\/wp\/v2\/posts\/1693\/revisions"}],"wp:attachment":[{"href":"https:\/\/ambquito.esteri.it\/it\/wp-json\/wp\/v2\/media?parent=1693"}],"wp:term":[{"taxonomy":"post_tag","embeddable":true,"href":"https:\/\/ambquito.esteri.it\/it\/wp-json\/wp\/v2\/tags?post=1693"}],"curies":[{"name":"wp","href":"https:\/\/api.w.org\/{rel}","templated":true}]}}