{"id":8099,"date":"2026-09-03T11:13:47","date_gmt":"2026-09-03T16:13:47","guid":{"rendered":"https:\/\/ambquito.esteri.it\/?p=8099"},"modified":"2026-09-03T11:23:22","modified_gmt":"2026-09-03T16:23:22","slug":"convocatoria-para-elecciones-de-com-it-es-3-de-septiembre-de-2026","status":"publish","type":"post","link":"https:\/\/ambquito.esteri.it\/es\/news\/dall_ambasciata\/2026\/09\/convocatoria-para-elecciones-de-com-it-es-3-de-septiembre-de-2026\/","title":{"rendered":"CONVOCATORIA PARA ELECCIONES DE COM.IT.ES. &#8211; 3 de septiembre de 2026"},"content":{"rendered":"<p>Por Decreto Consular del Jefe de la Oficina Consular en Quito (Ecuador), se convocan elecciones para la renovaci\u00f3n del Comit\u00e9 de Italianos en el Extranjero en Quito (Ecuador).<\/p>\n<p>La fecha de las elecciones est\u00e1 fijada para <strong>el 4 de diciembre de 2026. <\/strong>Esta fecha corresponde al \u00faltimo d\u00eda para enviar el sobre con su papeleta de voto al consulado correspondiente.<\/p>\n<p>Para participar en la votaci\u00f3n, deber\u00e1 inscribirse en el censo electoral de su Consulado de referencia enviando <strong><u>una solicitud de opci\u00f3n espec\u00edfica hasta el 4 de noviembre de 2026 <\/u><\/strong>.<\/p>\n<p>El Comit\u00e9 a elegir estar\u00e1 integrado por 12 (doce) miembros, seg\u00fan el tama\u00f1o de la comunidad residente. El Decreto mencionado tambi\u00e9n establece la Oficina Electoral responsable de las operaciones electorales.<\/p>\n<p>M\u00e1s informaci\u00f3n:<\/p>\n<blockquote class=\"wp-embedded-content\" data-secret=\"JCdhaba1sJ\"><p><a href=\"https:\/\/ambquito.esteri.it\/es\/servizi-consolari-e-visti\/servizi-per-il-cittadino-italiano\/servizi-elettorali\/elezioni-comites\/\">Elecciones COM.IT.ES. 2026<\/a><\/p><\/blockquote>\n<p><iframe loading=\"lazy\" class=\"wp-embedded-content\" sandbox=\"allow-scripts\" security=\"restricted\" style=\"position: absolute; visibility: hidden;\" title=\"\u201cElecciones COM.IT.ES. 2026\u201d \u2014 Ambasciata d&amp;apos;Italia Quito\" src=\"https:\/\/ambquito.esteri.it\/es\/servizi-consolari-e-visti\/servizi-per-il-cittadino-italiano\/servizi-elettorali\/elezioni-comites\/embed\/#?secret=lF370njznR#?secret=JCdhaba1sJ\" data-secret=\"JCdhaba1sJ\" width=\"600\" height=\"338\" frameborder=\"0\" marginwidth=\"0\" marginheight=\"0\" scrolling=\"no\"><\/iframe><\/p>\n<p>&nbsp;<\/p>\n<p>&nbsp;<\/p>\n","protected":false},"excerpt":{"rendered":"Por Decreto Consular del Jefe de la Oficina Consular en Quito (Ecuador), se convocan elecciones para la renovaci\u00f3n del Comit\u00e9 de Italianos en el Extranjero en Quito (Ecuador). La fecha de las elecciones est\u00e1 fijada para el 4 de diciembre de 2026. Esta fecha corresponde al \u00faltimo d\u00eda para enviar el sobre con su papeleta [&hellip;]","protected":false},"author":6,"featured_media":8096,"comment_status":"closed","ping_status":"closed","sticky":false,"template":"","format":"standard","meta":{"footnotes":""},"tags":[],"class_list":["post-8099","post","type-post","status-publish","format-standard","has-post-thumbnail","hentry"],"_links":{"self":[{"href":"https:\/\/ambquito.esteri.it\/es\/wp-json\/wp\/v2\/posts\/8099","targetHints":{"allow":["GET"]}}],"collection":[{"href":"https:\/\/ambquito.esteri.it\/es\/wp-json\/wp\/v2\/posts"}],"about":[{"href":"https:\/\/ambquito.esteri.it\/es\/wp-json\/wp\/v2\/types\/post"}],"author":[{"embeddable":true,"href":"https:\/\/ambquito.esteri.it\/es\/wp-json\/wp\/v2\/users\/6"}],"replies":[{"embeddable":true,"href":"https:\/\/ambquito.esteri.it\/es\/wp-json\/wp\/v2\/comments?post=8099"}],"version-history":[{"count":2,"href":"https:\/\/ambquito.esteri.it\/es\/wp-json\/wp\/v2\/posts\/8099\/revisions"}],"predecessor-version":[{"id":8106,"href":"https:\/\/ambquito.esteri.it\/es\/wp-json\/wp\/v2\/posts\/8099\/revisions\/8106"}],"wp:featuredmedia":[{"embeddable":true,"href":"https:\/\/ambquito.esteri.it\/es\/wp-json\/wp\/v2\/media\/8096"}],"wp:attachment":[{"href":"https:\/\/ambquito.esteri.it\/es\/wp-json\/wp\/v2\/media?parent=8099"}],"wp:term":[{"taxonomy":"post_tag","embeddable":true,"href":"https:\/\/ambquito.esteri.it\/es\/wp-json\/wp\/v2\/tags?post=8099"}],"curies":[{"name":"wp","href":"https:\/\/api.w.org\/{rel}","templated":true}]}}