{"id":8047,"date":"2026-08-31T12:54:18","date_gmt":"2026-08-31T17:54:18","guid":{"rendered":"https:\/\/ambquito.esteri.it\/?p=8047"},"modified":"2026-08-31T13:18:02","modified_gmt":"2026-08-31T18:18:02","slug":"elezioni-comites-2026","status":"publish","type":"post","link":"https:\/\/ambquito.esteri.it\/es\/news\/dall_ambasciata\/2026\/08\/elezioni-comites-2026\/","title":{"rendered":"ELECCIONES COMITES  2026"},"content":{"rendered":"<div class=\"lRu31\" dir=\"ltr\"><span class=\"HwtZe\" lang=\"es\"><span class=\"jCAhz ChMk0b\"><span class=\"ryNqvb\">Las elecciones para la renovaci\u00f3n de los Com.IT.Es. se celebrar\u00e1n a finales de 2026.<\/span><\/span><\/span><\/div>\n<div class=\"lRu31\" dir=\"ltr\"><span class=\"HwtZe\" lang=\"es\"><span class=\"jCAhz ChMk0b\"><span class=\"ryNqvb\"> Para votar, aseg\u00farese de haber actualizado su direcci\u00f3n a trav\u00e9s del portal FAST IT.<\/span><\/span><\/span><\/div>\n<div class=\"lRu31\" dir=\"ltr\"><span class=\"HwtZe\" lang=\"es\"><span class=\"jCAhz\"><span class=\"ryNqvb\"> M\u00e1s informaci\u00f3n:<\/span><\/span><\/span><\/div>\n<p>&nbsp;<\/p>\n<blockquote class=\"wp-embedded-content\" data-secret=\"Z87nvJPRhb\"><p><a href=\"https:\/\/ambquito.esteri.it\/es\/servizi-consolari-e-visti\/servizi-per-il-cittadino-italiano\/servizi-elettorali\/elezioni-comites\/\">Elezioni COM.IT.ES. 2026<\/a><\/p><\/blockquote>\n<p><iframe loading=\"lazy\" class=\"wp-embedded-content\" sandbox=\"allow-scripts\" security=\"restricted\" style=\"position: absolute; visibility: hidden;\" title=\"\u201cElezioni COM.IT.ES. 2026\u201d \u2014 Ambasciata d&amp;apos;Italia Quito\" src=\"https:\/\/ambquito.esteri.it\/es\/servizi-consolari-e-visti\/servizi-per-il-cittadino-italiano\/servizi-elettorali\/elezioni-comites\/embed\/#?secret=DaTK2RCMWd#?secret=Z87nvJPRhb\" data-secret=\"Z87nvJPRhb\" width=\"600\" height=\"338\" frameborder=\"0\" marginwidth=\"0\" marginheight=\"0\" scrolling=\"no\"><\/iframe><\/p>\n","protected":false},"excerpt":{"rendered":"Las elecciones para la renovaci\u00f3n de los Com.IT.Es. se celebrar\u00e1n a finales de 2026. Para votar, aseg\u00farese de haber actualizado su direcci\u00f3n a trav\u00e9s del portal FAST IT. M\u00e1s informaci\u00f3n: &nbsp; Elezioni COM.IT.ES. 2026","protected":false},"author":6,"featured_media":8042,"comment_status":"closed","ping_status":"closed","sticky":false,"template":"","format":"standard","meta":{"footnotes":""},"tags":[],"class_list":["post-8047","post","type-post","status-publish","format-standard","has-post-thumbnail","hentry"],"_links":{"self":[{"href":"https:\/\/ambquito.esteri.it\/es\/wp-json\/wp\/v2\/posts\/8047","targetHints":{"allow":["GET"]}}],"collection":[{"href":"https:\/\/ambquito.esteri.it\/es\/wp-json\/wp\/v2\/posts"}],"about":[{"href":"https:\/\/ambquito.esteri.it\/es\/wp-json\/wp\/v2\/types\/post"}],"author":[{"embeddable":true,"href":"https:\/\/ambquito.esteri.it\/es\/wp-json\/wp\/v2\/users\/6"}],"replies":[{"embeddable":true,"href":"https:\/\/ambquito.esteri.it\/es\/wp-json\/wp\/v2\/comments?post=8047"}],"version-history":[{"count":2,"href":"https:\/\/ambquito.esteri.it\/es\/wp-json\/wp\/v2\/posts\/8047\/revisions"}],"predecessor-version":[{"id":8053,"href":"https:\/\/ambquito.esteri.it\/es\/wp-json\/wp\/v2\/posts\/8047\/revisions\/8053"}],"wp:featuredmedia":[{"embeddable":true,"href":"https:\/\/ambquito.esteri.it\/es\/wp-json\/wp\/v2\/media\/8042"}],"wp:attachment":[{"href":"https:\/\/ambquito.esteri.it\/es\/wp-json\/wp\/v2\/media?parent=8047"}],"wp:term":[{"taxonomy":"post_tag","embeddable":true,"href":"https:\/\/ambquito.esteri.it\/es\/wp-json\/wp\/v2\/tags?post=8047"}],"curies":[{"name":"wp","href":"https:\/\/api.w.org\/{rel}","templated":true}]}}