{"id":7381,"date":"2026-04-27T08:13:21","date_gmt":"2026-04-27T13:13:21","guid":{"rendered":"https:\/\/ambquito.esteri.it\/?p=7381"},"modified":"2026-04-27T17:03:08","modified_gmt":"2026-04-27T22:03:08","slug":"el-embajador-davoli-saluda-a-laura-pausini-antes-del-concierto-en-quito","status":"publish","type":"post","link":"https:\/\/ambquito.esteri.it\/es\/news\/dall_ambasciata\/2026\/04\/el-embajador-davoli-saluda-a-laura-pausini-antes-del-concierto-en-quito\/","title":{"rendered":"El Embajador Davoli saluda a Laura Pausini antes del concierto en Quito"},"content":{"rendered":"<p>El Embajador de Italia en Ecuador, Giovanni Davoli, se reuni\u00f3 con Laura Pausini en Quito antes de su concierto como parte del \u201cIo Canto World Tour\u201d.<\/p>\n<p>El Embajador agradeci\u00f3 a la artista por incluir siempre a Ecuador en sus giras, un pa\u00eds donde Pausini es muy querida, y por representar de la mejor manera el talento y el arte italianos en el mundo.<\/p>\n<p>Posteriormente, Laura Pausini agradeci\u00f3 al Embajador con una publicaci\u00f3n en sus redes sociales, compartiendo una foto juntos como testimonio del c\u00e1lido encuentro.<\/p>\n","protected":false},"excerpt":{"rendered":"El Embajador de Italia en Ecuador, Giovanni Davoli, se reuni\u00f3 con Laura Pausini en Quito antes de su concierto como parte del \u201cIo Canto World Tour\u201d. El Embajador agradeci\u00f3 a la artista por incluir siempre a Ecuador en sus giras, un pa\u00eds donde Pausini es muy querida, y por representar de la mejor manera el [&hellip;]","protected":false},"author":4,"featured_media":7361,"comment_status":"closed","ping_status":"closed","sticky":false,"template":"","format":"standard","meta":{"footnotes":""},"tags":[],"class_list":["post-7381","post","type-post","status-publish","format-standard","has-post-thumbnail","hentry"],"_links":{"self":[{"href":"https:\/\/ambquito.esteri.it\/es\/wp-json\/wp\/v2\/posts\/7381","targetHints":{"allow":["GET"]}}],"collection":[{"href":"https:\/\/ambquito.esteri.it\/es\/wp-json\/wp\/v2\/posts"}],"about":[{"href":"https:\/\/ambquito.esteri.it\/es\/wp-json\/wp\/v2\/types\/post"}],"author":[{"embeddable":true,"href":"https:\/\/ambquito.esteri.it\/es\/wp-json\/wp\/v2\/users\/4"}],"replies":[{"embeddable":true,"href":"https:\/\/ambquito.esteri.it\/es\/wp-json\/wp\/v2\/comments?post=7381"}],"version-history":[{"count":1,"href":"https:\/\/ambquito.esteri.it\/es\/wp-json\/wp\/v2\/posts\/7381\/revisions"}],"predecessor-version":[{"id":7384,"href":"https:\/\/ambquito.esteri.it\/es\/wp-json\/wp\/v2\/posts\/7381\/revisions\/7384"}],"wp:featuredmedia":[{"embeddable":true,"href":"https:\/\/ambquito.esteri.it\/es\/wp-json\/wp\/v2\/media\/7361"}],"wp:attachment":[{"href":"https:\/\/ambquito.esteri.it\/es\/wp-json\/wp\/v2\/media?parent=7381"}],"wp:term":[{"taxonomy":"post_tag","embeddable":true,"href":"https:\/\/ambquito.esteri.it\/es\/wp-json\/wp\/v2\/tags?post=7381"}],"curies":[{"name":"wp","href":"https:\/\/api.w.org\/{rel}","templated":true}]}}