{"id":7376,"date":"2026-04-21T16:30:50","date_gmt":"2026-04-21T21:30:50","guid":{"rendered":"https:\/\/ambquito.esteri.it\/?p=7376"},"modified":"2026-04-27T17:02:19","modified_gmt":"2026-04-27T22:02:19","slug":"el-embajador-davoli-visita-la-academia-de-policia-nacional-del-ecuador-juntos-contra-las-mafias","status":"publish","type":"post","link":"https:\/\/ambquito.esteri.it\/es\/news\/dall_ambasciata\/2026\/04\/el-embajador-davoli-visita-la-academia-de-policia-nacional-del-ecuador-juntos-contra-las-mafias\/","title":{"rendered":"El Embajador Davoli visita la Academia de Polic\u00eda Nacional del Ecuador: \u201cJuntos contra las mafias\u201d"},"content":{"rendered":"<p>El Embajador de Italia en Ecuador, Giovanni Davoli, visit\u00f3 en Quito la Universidad de Seguridad Ciudadana y Ciencias de la Polic\u00eda, la academia de oficiales de la Polic\u00eda Nacional del pa\u00eds sudamericano.<\/p>\n<p>El Embajador estuvo acompa\u00f1ado por el experto de la Polic\u00eda de Estado en servicio en la Embajada y por el magistrado italiano que dirige el proyecto de diplomacia jur\u00eddica \u201cITAJUS\u201d.<br \/>\nEl Embajador Davoli felicit\u00f3 a los estudiantes y a la direcci\u00f3n de la Universidad por su dedicaci\u00f3n al servicio frente al creciente desaf\u00edo que plantean las mafias transnacionales. Tambi\u00e9n record\u00f3 que recientemente la Conferencia Episcopal Ecuatoriana ha se\u00f1alado que el pa\u00eds vive \u201cen medio de lo que el Papa Francisco ha definido como \u2018una tercera guerra mundial a pedazos\u2019\u201d.<\/p>\n<p>Davoli reiter\u00f3 el <strong>compromiso de Italia en el fortalecimiento de las capacidades institucionales ecuatorianas en la lucha contra el crimen organizado<\/strong>, asegurando que nuestro pa\u00eds permanece al lado de Ecuador en este desaf\u00edo existencial planteado por las mafias.<\/p>\n","protected":false},"excerpt":{"rendered":"El Embajador de Italia en Ecuador, Giovanni Davoli, visit\u00f3 en Quito la Universidad de Seguridad Ciudadana y Ciencias de la Polic\u00eda, la academia de oficiales de la Polic\u00eda Nacional del pa\u00eds sudamericano. El Embajador estuvo acompa\u00f1ado por el experto de la Polic\u00eda de Estado en servicio en la Embajada y por el magistrado italiano que [&hellip;]","protected":false},"author":4,"featured_media":7337,"comment_status":"closed","ping_status":"closed","sticky":false,"template":"","format":"standard","meta":{"footnotes":""},"tags":[],"class_list":["post-7376","post","type-post","status-publish","format-standard","has-post-thumbnail","hentry"],"_links":{"self":[{"href":"https:\/\/ambquito.esteri.it\/es\/wp-json\/wp\/v2\/posts\/7376","targetHints":{"allow":["GET"]}}],"collection":[{"href":"https:\/\/ambquito.esteri.it\/es\/wp-json\/wp\/v2\/posts"}],"about":[{"href":"https:\/\/ambquito.esteri.it\/es\/wp-json\/wp\/v2\/types\/post"}],"author":[{"embeddable":true,"href":"https:\/\/ambquito.esteri.it\/es\/wp-json\/wp\/v2\/users\/4"}],"replies":[{"embeddable":true,"href":"https:\/\/ambquito.esteri.it\/es\/wp-json\/wp\/v2\/comments?post=7376"}],"version-history":[{"count":1,"href":"https:\/\/ambquito.esteri.it\/es\/wp-json\/wp\/v2\/posts\/7376\/revisions"}],"predecessor-version":[{"id":7379,"href":"https:\/\/ambquito.esteri.it\/es\/wp-json\/wp\/v2\/posts\/7376\/revisions\/7379"}],"wp:featuredmedia":[{"embeddable":true,"href":"https:\/\/ambquito.esteri.it\/es\/wp-json\/wp\/v2\/media\/7337"}],"wp:attachment":[{"href":"https:\/\/ambquito.esteri.it\/es\/wp-json\/wp\/v2\/media?parent=7376"}],"wp:term":[{"taxonomy":"post_tag","embeddable":true,"href":"https:\/\/ambquito.esteri.it\/es\/wp-json\/wp\/v2\/tags?post=7376"}],"curies":[{"name":"wp","href":"https:\/\/api.w.org\/{rel}","templated":true}]}}