{"id":7372,"date":"2026-04-22T13:58:14","date_gmt":"2026-04-22T18:58:14","guid":{"rendered":"https:\/\/ambquito.esteri.it\/?p=7372"},"modified":"2026-04-27T17:03:24","modified_gmt":"2026-04-27T22:03:24","slug":"el-embajador-davoli-celebra-los-85-anos-del-grupo-generali-en-ecuador","status":"publish","type":"post","link":"https:\/\/ambquito.esteri.it\/es\/news\/dall_ambasciata\/2026\/04\/el-embajador-davoli-celebra-los-85-anos-del-grupo-generali-en-ecuador\/","title":{"rendered":"El Embajador Davoli celebra los 85 a\u00f1os del grupo Generali en Ecuador"},"content":{"rendered":"<p>El Embajador de Italia en Ecuador, Giovanni Davoli, particip\u00f3 en un evento para celebrar los 85 a\u00f1os de actividad del grupo Generali en el pa\u00eds sudamericano. El evento fue organizado por la C\u00e1mara de Comercio Italiana en el Ecuador (CCIE) con la participaci\u00f3n de numerosos empresarios vinculados a Italia. El grupo Generali Ecuador emiti\u00f3 durante el a\u00f1o 2025 primas brutas por un valor de 41,2 millones de d\u00f3lares.<\/p>\n<p>Davoli subray\u00f3 que la presencia y la fortaleza de Generali en Ecuador, \u201cuna de las marcas ic\u00f3nicas del sistema Italia en el mundo\u201d, contribuyen enormemente al prestigio italiano en el pa\u00eds y a las relaciones econ\u00f3micas bilaterales.<\/p>\n","protected":false},"excerpt":{"rendered":"El Embajador de Italia en Ecuador, Giovanni Davoli, particip\u00f3 en un evento para celebrar los 85 a\u00f1os de actividad del grupo Generali en el pa\u00eds sudamericano. El evento fue organizado por la C\u00e1mara de Comercio Italiana en el Ecuador (CCIE) con la participaci\u00f3n de numerosos empresarios vinculados a Italia. El grupo Generali Ecuador emiti\u00f3 durante [&hellip;]","protected":false},"author":4,"featured_media":7354,"comment_status":"closed","ping_status":"closed","sticky":false,"template":"","format":"standard","meta":{"footnotes":""},"tags":[],"class_list":["post-7372","post","type-post","status-publish","format-standard","has-post-thumbnail","hentry"],"_links":{"self":[{"href":"https:\/\/ambquito.esteri.it\/es\/wp-json\/wp\/v2\/posts\/7372","targetHints":{"allow":["GET"]}}],"collection":[{"href":"https:\/\/ambquito.esteri.it\/es\/wp-json\/wp\/v2\/posts"}],"about":[{"href":"https:\/\/ambquito.esteri.it\/es\/wp-json\/wp\/v2\/types\/post"}],"author":[{"embeddable":true,"href":"https:\/\/ambquito.esteri.it\/es\/wp-json\/wp\/v2\/users\/4"}],"replies":[{"embeddable":true,"href":"https:\/\/ambquito.esteri.it\/es\/wp-json\/wp\/v2\/comments?post=7372"}],"version-history":[{"count":1,"href":"https:\/\/ambquito.esteri.it\/es\/wp-json\/wp\/v2\/posts\/7372\/revisions"}],"predecessor-version":[{"id":7374,"href":"https:\/\/ambquito.esteri.it\/es\/wp-json\/wp\/v2\/posts\/7372\/revisions\/7374"}],"wp:featuredmedia":[{"embeddable":true,"href":"https:\/\/ambquito.esteri.it\/es\/wp-json\/wp\/v2\/media\/7354"}],"wp:attachment":[{"href":"https:\/\/ambquito.esteri.it\/es\/wp-json\/wp\/v2\/media?parent=7372"}],"wp:term":[{"taxonomy":"post_tag","embeddable":true,"href":"https:\/\/ambquito.esteri.it\/es\/wp-json\/wp\/v2\/tags?post=7372"}],"curies":[{"name":"wp","href":"https:\/\/api.w.org\/{rel}","templated":true}]}}