{"id":2644,"date":"2023-12-27T18:40:13","date_gmt":"2023-12-27T23:40:13","guid":{"rendered":"https:\/\/ambquito.esteri.it\/?p=2644"},"modified":"2023-12-27T18:40:13","modified_gmt":"2023-12-27T23:40:13","slug":"convocatoria-para-la-contratacion-de-una-firma-consultora-para-la-auditoria-al-cumplimiento-de-las-condiciones-administrativas-financieras-del-programa-de-apoyo-a-las-finanzas-populares-en-las-provi","status":"publish","type":"post","link":"https:\/\/ambquito.esteri.it\/es\/news\/dall_ambasciata\/2023\/12\/convocatoria-para-la-contratacion-de-una-firma-consultora-para-la-auditoria-al-cumplimiento-de-las-condiciones-administrativas-financieras-del-programa-de-apoyo-a-las-finanzas-populares-en-las-provi\/","title":{"rendered":"Convocatoria para la contrataci\u00f3n de una firma consultora para la auditor\u00eda al cumplimiento de las condiciones administrativas-financieras del \u00abPrograma de apoyo a las finanzas populares en las provincias de Carchi, Sucumb\u00edos, El Oro y Loja\u00bb &#8211; AID 10079."},"content":{"rendered":"<p>Se invita a las empresas nacionales o internacionales, con experiencia internacional a participar en el proceso para la \u201cCONTRATACI\u00d3N DE UNA FIRMA CONSULTORA, PARA LA AUDITOR\u00cdA AL CUMPLIMIENTO DE LAS CONDICIONES ADMINISTRATIVAS \u2013 FINANCIERAS CONFORME LAS OBLIGACIONES ESTABLECIDAS EN EL ACUERDO ENTRE EL GOBIERNO DE LA REP\u00daBLICA ITALIANA Y EL GOBIERNO DE LA REP\u00daBLICA DEL ECUADOR, PARA FINANCIAR LA EJECUCI\u00d3N DEL \u201cPROGRAMA DE APOYO A LAS FINANZAS POPULARES EN LAS PROVINCIAS DEL CARCHI, SUCUMB\u00cdOS, LOJA Y EL ORO\u201d, DEL SEGUNDO Y TERCER DESEMBOLSO Y CIERRE DEL PROGRAMA\u201d sujeto a los t\u00e9rminos de referencia y bases de licitaci\u00f3n que se incorporan a esta publicaci\u00f3n como adjuntos.<\/p>\n<p>Fecha m\u00e1xima para la presentaci\u00f3n de ofertas: mi\u00e9rcoles 24 de enero de 2024 a las 16:00 horas.<\/p>\n<p>Por favor revisar la documentaci\u00f3n adjunta para mayor informaci\u00f3n.<\/p>\n","protected":false},"excerpt":{"rendered":"Se invita a las empresas nacionales o internacionales, con experiencia internacional a participar en el proceso para la \u201cCONTRATACI\u00d3N DE UNA FIRMA CONSULTORA, PARA LA AUDITOR\u00cdA AL CUMPLIMIENTO DE LAS CONDICIONES ADMINISTRATIVAS \u2013 FINANCIERAS CONFORME LAS OBLIGACIONES ESTABLECIDAS EN EL ACUERDO ENTRE EL GOBIERNO DE LA REP\u00daBLICA ITALIANA Y EL GOBIERNO DE LA REP\u00daBLICA DEL [&hellip;]","protected":false},"author":8,"featured_media":0,"comment_status":"closed","ping_status":"closed","sticky":false,"template":"","format":"standard","meta":{"footnotes":""},"tags":[],"class_list":["post-2644","post","type-post","status-publish","format-standard","hentry"],"_links":{"self":[{"href":"https:\/\/ambquito.esteri.it\/es\/wp-json\/wp\/v2\/posts\/2644","targetHints":{"allow":["GET"]}}],"collection":[{"href":"https:\/\/ambquito.esteri.it\/es\/wp-json\/wp\/v2\/posts"}],"about":[{"href":"https:\/\/ambquito.esteri.it\/es\/wp-json\/wp\/v2\/types\/post"}],"author":[{"embeddable":true,"href":"https:\/\/ambquito.esteri.it\/es\/wp-json\/wp\/v2\/users\/8"}],"replies":[{"embeddable":true,"href":"https:\/\/ambquito.esteri.it\/es\/wp-json\/wp\/v2\/comments?post=2644"}],"version-history":[{"count":1,"href":"https:\/\/ambquito.esteri.it\/es\/wp-json\/wp\/v2\/posts\/2644\/revisions"}],"predecessor-version":[{"id":2645,"href":"https:\/\/ambquito.esteri.it\/es\/wp-json\/wp\/v2\/posts\/2644\/revisions\/2645"}],"wp:attachment":[{"href":"https:\/\/ambquito.esteri.it\/es\/wp-json\/wp\/v2\/media?parent=2644"}],"wp:term":[{"taxonomy":"post_tag","embeddable":true,"href":"https:\/\/ambquito.esteri.it\/es\/wp-json\/wp\/v2\/tags?post=2644"}],"curies":[{"name":"wp","href":"https:\/\/api.w.org\/{rel}","templated":true}]}}