{"id":2463,"date":"2013-03-22T20:37:46","date_gmt":"2013-03-23T01:37:46","guid":{"rendered":"https:\/\/ambquito.esteri.it\/news\/dall_ambasciata\/2013\/03\/inps-2013-2\/"},"modified":"2013-03-22T20:37:46","modified_gmt":"2013-03-23T01:37:46","slug":"inps-2013-2","status":"publish","type":"post","link":"https:\/\/ambquito.esteri.it\/es\/news\/dall_ambasciata\/2013\/03\/inps-2013-2\/","title":{"rendered":"INPS &#8211; ESTABLECIMIENTO DE LA VENTANILLA M\u00d3VIL &#8211; CUD 2013"},"content":{"rendered":"<p><P style=\"MARGIN: 0cm 0cm 0pt\" class=\"MsoNormal\"><SPAN class=\"hps\"><SPAN style=\"FONT-FAMILY: Arial; COLOR: #222222; FONT-SIZE: 14pt; mso-ansi-language: ES\" lang=\"ES\">Informaci\u00f3n disponible \u00fanicamente en la secci\u00f3n en italiano.<\/SPAN><\/SPAN><\/P><br \/>\n<P style=\"MARGIN: 0cm 0cm 0pt\" class=\"MsoNormal\"><SPAN class=\"hps\"><SPAN style=\"FONT-FAMILY: Arial; COLOR: #222222; FONT-SIZE: 14pt; mso-ansi-language: ES\" lang=\"ES\"><?xml:namespace prefix = \"o\" ns = \"urn:schemas-microsoft-com:office:office\" \/><o:p>\u00a0<\/o:p><\/SPAN><\/SPAN><\/P><SPAN style=\"FONT-FAMILY: Arial; FONT-SIZE: 14pt; mso-ansi-language: ES-EC\" lang=\"ES-EC\"><SPAN style=\"FONT-FAMILY: Arial; FONT-SIZE: 14pt; mso-ansi-language: ES-EC\" lang=\"ES-EC\"><A href=\"asciata_Quito\/Archivio_News\/INPS 2013.html\"><FONT color=\"#800080\"><\/FONT><\/A><br \/>\n<P style=\"MARGIN: 0cm 0cm 0pt\" class=\"MsoNormal\"><SPAN style=\"FONT-FAMILY: Arial; FONT-SIZE: 14pt; mso-ansi-language: ES-EC\" lang=\"ES-EC\"><A href=\"asciata_Quito\/Archivio_News\/INPS 2013.html\"><FONT color=\"#800080\"><\/FONT><\/A><o:p><\/o:p><\/SPAN>\u00a0<\/P><o:p><\/o:p><\/SPAN><A href=\"asciata_Quito\/Archivio_News\/INPS 2013.html\"><\/A><\/SPAN><br \/>\n<P style=\"MARGIN: 0cm 0cm 0pt\" class=\"MsoNormal\"><SPAN style=\"FONT-FAMILY: Arial; FONT-SIZE: 14pt; mso-ansi-language: ES-EC\" lang=\"ES-EC\"><o:p><\/o:p><\/SPAN>\u00a0<\/P><br \/>\n<P style=\"MARGIN: 0cm 0cm 0pt\" class=\"MsoNormal\"><SPAN style=\"FONT-FAMILY: Arial; FONT-SIZE: 14pt; mso-ansi-language: ES-EC\" lang=\"ES-EC\"><o:p><FONT color=\"#000000\">\u00a0<\/FONT><\/o:p><\/SPAN><\/P><\/p>\n","protected":false},"excerpt":{"rendered":"Informaci\u00f3n disponible \u00fanicamente en la secci\u00f3n en italiano. \u00a0 \u00a0 \u00a0 \u00a0","protected":false},"author":1,"featured_media":0,"comment_status":"","ping_status":"","sticky":false,"template":"","format":"standard","meta":{"footnotes":""},"tags":[],"class_list":["post-2463","post","type-post","status-publish","format-standard","hentry"],"_links":{"self":[{"href":"https:\/\/ambquito.esteri.it\/es\/wp-json\/wp\/v2\/posts\/2463","targetHints":{"allow":["GET"]}}],"collection":[{"href":"https:\/\/ambquito.esteri.it\/es\/wp-json\/wp\/v2\/posts"}],"about":[{"href":"https:\/\/ambquito.esteri.it\/es\/wp-json\/wp\/v2\/types\/post"}],"author":[{"embeddable":true,"href":"https:\/\/ambquito.esteri.it\/es\/wp-json\/wp\/v2\/users\/1"}],"replies":[{"embeddable":true,"href":"https:\/\/ambquito.esteri.it\/es\/wp-json\/wp\/v2\/comments?post=2463"}],"version-history":[{"count":0,"href":"https:\/\/ambquito.esteri.it\/es\/wp-json\/wp\/v2\/posts\/2463\/revisions"}],"wp:attachment":[{"href":"https:\/\/ambquito.esteri.it\/es\/wp-json\/wp\/v2\/media?parent=2463"}],"wp:term":[{"taxonomy":"post_tag","embeddable":true,"href":"https:\/\/ambquito.esteri.it\/es\/wp-json\/wp\/v2\/tags?post=2463"}],"curies":[{"name":"wp","href":"https:\/\/api.w.org\/{rel}","templated":true}]}}