{"id":1918,"date":"2020-06-03T21:41:41","date_gmt":"2020-06-04T02:41:41","guid":{"rendered":"https:\/\/ambquito.esteri.it\/news\/dall_ambasciata\/2020\/06\/avviso-importante-ricezione-pubblico-2\/"},"modified":"2020-06-03T21:41:41","modified_gmt":"2020-06-04T02:41:41","slug":"avviso-importante-ricezione-pubblico-2","status":"publish","type":"post","link":"https:\/\/ambquito.esteri.it\/es\/news\/dall_ambasciata\/2020\/06\/avviso-importante-ricezione-pubblico-2\/","title":{"rendered":"Aviso Importante &#8211; Servicios Consulares"},"content":{"rendered":"<p style=\"text-align: justify;\">Se informa que a partir del <strong>lunes 15 de Junio<\/strong> la OFICINA CONSULAR reiniciar\u00e1 la normal recepci\u00f3n de p\u00fablico por lo que concierne a la erogaci\u00f3n de todos los servicios consulares.<br \/>A los usuarios que han obtenido citas a trav\u00e9s del portal <strong>Prenota OnLine, o bien a trav\u00e9s de correo electr\u00f3nico (exclusivamente para los casos de absoluta urgencia)<\/strong> se les ruega presentarse puntualmente el d\u00eda \/ hora de la cita, <span style=\"text-decoration: underline;\"><strong>portando su propia mascarilla.<\/strong><\/span><\/p>\n<p style=\"text-align: justify;\">No estar\u00e1 permitido el acceso a las salas a los usuarios que no consten en listas de citas.<\/p>\n<p style=\"text-align: justify;\">El acceso a las salas de espera y a las ventanillas ser\u00e1 regulado por el personal encargado de la seguridad a fin de no crear aglomeraciones.<\/p>\n<p style=\"text-align: justify;\">Todas las citas que hab\u00edan sido concedidas a trav\u00e9s del portal Prenota OnLine en el per\u00edodo desde el <strong>16 de Marzo al 14 de Junio<\/strong>, ser\u00e1n gradualmente re-programadas y se dar\u00e1 comunicaci\u00f3n a los interesados a trav\u00e9s de correo electr\u00f3nico.<\/p>\n<p style=\"text-align: justify;\">A los usuarios residentes en las provincias de Guayas, El Oro y Los R\u00edos, que han obtenido una cita para la emisi\u00f3n de pasaporte se les ruega <span style=\"text-decoration: underline;\"><strong>NO PRESENTARSE<\/strong><\/span> en las Oficinas en Quito, sino que deber\u00e1n esperar a ser contactados por el Consulado Honorario en Guayaquil por cuanto pr\u00f3ximamente los datos biom\u00e9tricos (huellas, fotograf\u00edas y firma) podr\u00e1n ser consignados, <span style=\"text-decoration: underline;\"><strong>previa autorizaci\u00f3n de esta Embajada<\/strong><\/span>, en el mencionado Consulado que se encargar\u00e1 de su env\u00edo a Quito para la posterior emisi\u00f3n del pasaporte. El documento de viaje, una vez emitido, ser\u00e1 enviado a Guayaquil donde podr\u00e1 ser retirado por el titular.<span style=\"text-decoration: underline;\"> Los usuarios residentes en las provincias previamente indicadas, que deseen reservar una cita para pasaporte deber\u00e1n dirigirse siempre al mismo Consulado Honorario<\/span><\/p>\n<p style=\"text-align: justify;\">Las citas futuras podr\u00e1n ser solicitadas siempre a trav\u00e9s del portal Prenota OnLine. Para los casos de absoluta urgencia, favor comunicarse con <a href=\"mailto:consolare.quito@esteri.it\">consolare.quito@esteri.it<\/a> \u00a0especificando y documentando la urgencia.<\/p>\n","protected":false},"excerpt":{"rendered":"Se informa que a partir del lunes 15 de Junio la OFICINA CONSULAR reiniciar\u00e1 la normal recepci\u00f3n de p\u00fablico por lo que concierne a la erogaci\u00f3n de todos los servicios consulares.A los usuarios que han obtenido citas a trav\u00e9s del portal Prenota OnLine, o bien a trav\u00e9s de correo electr\u00f3nico (exclusivamente para los casos de [&hellip;]","protected":false},"author":1,"featured_media":0,"comment_status":"","ping_status":"","sticky":false,"template":"","format":"standard","meta":{"footnotes":""},"tags":[],"class_list":["post-1918","post","type-post","status-publish","format-standard","hentry"],"_links":{"self":[{"href":"https:\/\/ambquito.esteri.it\/es\/wp-json\/wp\/v2\/posts\/1918","targetHints":{"allow":["GET"]}}],"collection":[{"href":"https:\/\/ambquito.esteri.it\/es\/wp-json\/wp\/v2\/posts"}],"about":[{"href":"https:\/\/ambquito.esteri.it\/es\/wp-json\/wp\/v2\/types\/post"}],"author":[{"embeddable":true,"href":"https:\/\/ambquito.esteri.it\/es\/wp-json\/wp\/v2\/users\/1"}],"replies":[{"embeddable":true,"href":"https:\/\/ambquito.esteri.it\/es\/wp-json\/wp\/v2\/comments?post=1918"}],"version-history":[{"count":0,"href":"https:\/\/ambquito.esteri.it\/es\/wp-json\/wp\/v2\/posts\/1918\/revisions"}],"wp:attachment":[{"href":"https:\/\/ambquito.esteri.it\/es\/wp-json\/wp\/v2\/media?parent=1918"}],"wp:term":[{"taxonomy":"post_tag","embeddable":true,"href":"https:\/\/ambquito.esteri.it\/es\/wp-json\/wp\/v2\/tags?post=1918"}],"curies":[{"name":"wp","href":"https:\/\/api.w.org\/{rel}","templated":true}]}}