{"id":1881,"date":"2020-08-18T21:44:46","date_gmt":"2020-08-19T02:44:46","guid":{"rendered":"https:\/\/ambquito.esteri.it\/news\/dall_ambasciata\/2020\/08\/avviso-visti-schengen-turismo-2\/"},"modified":"2020-08-18T21:44:46","modified_gmt":"2020-08-19T02:44:46","slug":"avviso-visti-schengen-turismo-2","status":"publish","type":"post","link":"https:\/\/ambquito.esteri.it\/es\/news\/dall_ambasciata\/2020\/08\/avviso-visti-schengen-turismo-2\/","title":{"rendered":"AVISO: Visa Schengen (Turismo)"},"content":{"rendered":"<p>Se recuerda que <span style=\"text-decoration: underline;\"><strong>la emision de VISAS SCHENGEN (TURISMO) est\u00e1 temporalmente suspendida<\/strong><\/span> por restricciones impuestas por la Uni\u00f3n Europea a causa de la pandemia COVID19. Eventuales cambios se publicar\u00e1n oportunamente a trav\u00e9s de este medio.<\/p>\n","protected":false},"excerpt":{"rendered":"Se recuerda que la emision de VISAS SCHENGEN (TURISMO) est\u00e1 temporalmente suspendida por restricciones impuestas por la Uni\u00f3n Europea a causa de la pandemia COVID19. Eventuales cambios se publicar\u00e1n oportunamente a trav\u00e9s de este medio.","protected":false},"author":1,"featured_media":0,"comment_status":"","ping_status":"","sticky":false,"template":"","format":"standard","meta":{"footnotes":""},"tags":[],"class_list":["post-1881","post","type-post","status-publish","format-standard","hentry"],"_links":{"self":[{"href":"https:\/\/ambquito.esteri.it\/es\/wp-json\/wp\/v2\/posts\/1881","targetHints":{"allow":["GET"]}}],"collection":[{"href":"https:\/\/ambquito.esteri.it\/es\/wp-json\/wp\/v2\/posts"}],"about":[{"href":"https:\/\/ambquito.esteri.it\/es\/wp-json\/wp\/v2\/types\/post"}],"author":[{"embeddable":true,"href":"https:\/\/ambquito.esteri.it\/es\/wp-json\/wp\/v2\/users\/1"}],"replies":[{"embeddable":true,"href":"https:\/\/ambquito.esteri.it\/es\/wp-json\/wp\/v2\/comments?post=1881"}],"version-history":[{"count":0,"href":"https:\/\/ambquito.esteri.it\/es\/wp-json\/wp\/v2\/posts\/1881\/revisions"}],"wp:attachment":[{"href":"https:\/\/ambquito.esteri.it\/es\/wp-json\/wp\/v2\/media?parent=1881"}],"wp:term":[{"taxonomy":"post_tag","embeddable":true,"href":"https:\/\/ambquito.esteri.it\/es\/wp-json\/wp\/v2\/tags?post=1881"}],"curies":[{"name":"wp","href":"https:\/\/api.w.org\/{rel}","templated":true}]}}