{"id":1843,"date":"2020-10-14T19:05:24","date_gmt":"2020-10-15T00:05:24","guid":{"rendered":"https:\/\/ambquito.esteri.it\/news\/dall_ambasciata\/2020\/10\/richiesta-di-prestazione-di-servizi-2\/"},"modified":"2020-10-14T19:05:24","modified_gmt":"2020-10-15T00:05:24","slug":"richiesta-di-prestazione-di-servizi-2","status":"publish","type":"post","link":"https:\/\/ambquito.esteri.it\/es\/news\/dall_ambasciata\/2020\/10\/richiesta-di-prestazione-di-servizi-2\/","title":{"rendered":"Solicitud de prestaci\u00f3n de servicios profesionales temporales"},"content":{"rendered":"<p style=\"text-align: justify;\">La Embajada de Italia en Quito busca un profesional \/ agencia con experiencia comprobada en el \u00e1rea de la <strong>comunicaci\u00f3n<\/strong> para la difusi\u00f3n y promoci\u00f3n de v\u00eddeos institucionales y la organizaci\u00f3n de eventos virtuales, en el marco del programa de la promoci\u00f3n integrada comercial \/ cultural.<\/p>\n<p style=\"text-align: justify;\">Para mayor informaci\u00f3n y presentaci\u00f3n del material que permita la evaluaci\u00f3n de la actividad del profesional, escriba a <a href=\"mailto:segreteria.quito@esteri.it\">segreteria.quito@esteri.it<\/a><\/p>\n<p style=\"text-align: justify;\"><span style=\"text-decoration: underline;\"><strong>Se solicita disponibilidad inmediata<\/strong><\/span>.<\/p>\n","protected":false},"excerpt":{"rendered":"La Embajada de Italia en Quito busca un profesional \/ agencia con experiencia comprobada en el \u00e1rea de la comunicaci\u00f3n para la difusi\u00f3n y promoci\u00f3n de v\u00eddeos institucionales y la organizaci\u00f3n de eventos virtuales, en el marco del programa de la promoci\u00f3n integrada comercial \/ cultural. Para mayor informaci\u00f3n y presentaci\u00f3n del material que permita [&hellip;]","protected":false},"author":1,"featured_media":0,"comment_status":"","ping_status":"","sticky":false,"template":"","format":"standard","meta":{"footnotes":""},"tags":[],"class_list":["post-1843","post","type-post","status-publish","format-standard","hentry"],"_links":{"self":[{"href":"https:\/\/ambquito.esteri.it\/es\/wp-json\/wp\/v2\/posts\/1843","targetHints":{"allow":["GET"]}}],"collection":[{"href":"https:\/\/ambquito.esteri.it\/es\/wp-json\/wp\/v2\/posts"}],"about":[{"href":"https:\/\/ambquito.esteri.it\/es\/wp-json\/wp\/v2\/types\/post"}],"author":[{"embeddable":true,"href":"https:\/\/ambquito.esteri.it\/es\/wp-json\/wp\/v2\/users\/1"}],"replies":[{"embeddable":true,"href":"https:\/\/ambquito.esteri.it\/es\/wp-json\/wp\/v2\/comments?post=1843"}],"version-history":[{"count":0,"href":"https:\/\/ambquito.esteri.it\/es\/wp-json\/wp\/v2\/posts\/1843\/revisions"}],"wp:attachment":[{"href":"https:\/\/ambquito.esteri.it\/es\/wp-json\/wp\/v2\/media?parent=1843"}],"wp:term":[{"taxonomy":"post_tag","embeddable":true,"href":"https:\/\/ambquito.esteri.it\/es\/wp-json\/wp\/v2\/tags?post=1843"}],"curies":[{"name":"wp","href":"https:\/\/api.w.org\/{rel}","templated":true}]}}