{"id":1791,"date":"2021-01-25T16:42:39","date_gmt":"2021-01-25T21:42:39","guid":{"rendered":"https:\/\/ambquito.esteri.it\/news\/dall_ambasciata\/2021\/01\/riapertura-degli-uffici-del-consolato-2\/"},"modified":"2021-01-25T16:42:39","modified_gmt":"2021-01-25T21:42:39","slug":"riapertura-degli-uffici-del-consolato-2","status":"publish","type":"post","link":"https:\/\/ambquito.esteri.it\/es\/news\/dall_ambasciata\/2021\/01\/riapertura-degli-uffici-del-consolato-2\/","title":{"rendered":"Reapertura de las oficinas del Consulado Honorario de Italia en Guayaquil"},"content":{"rendered":"<p style=\"text-align: justify;\">Se comunica que el Consulado Honorario de Italia en Guayaquil retomar\u00e1 sus actividades normales a partir del <span style=\"text-decoration: underline;\"><strong>11 de febrero de 2021<\/strong><\/span>.<\/p>\n<p style=\"text-align: justify;\">La nueva direcci\u00f3n es la siguiente:<br \/><strong>Edificio ATRIO &#8211; Oficina 1-2, primer piso <\/strong><br \/><strong>Plaza Lagos, Km. 6,5 V\u00eda a Samborond\u00f3n<\/strong><\/p>\n<p style=\"text-align: justify;\">Las citas para renovaci\u00f3n y emisi\u00f3n de pasaportes estar\u00e1n disponibles a partir del <span style=\"text-decoration: underline;\"><strong>15 de febrero de 2021<\/strong><\/span>.<\/p>\n<p style=\"text-align: justify;\">Para informaci\u00f3n adicional contacte directamente con el Consulado Honorario v\u00eda correo electr\u00f3nico: <strong><a href=\"mailto:consuladeitaliagye@gmail.com\">consuladeitaliagye@gmail.com<\/a> <\/strong><\/p>\n","protected":false},"excerpt":{"rendered":"Se comunica que el Consulado Honorario de Italia en Guayaquil retomar\u00e1 sus actividades normales a partir del 11 de febrero de 2021. La nueva direcci\u00f3n es la siguiente:Edificio ATRIO &#8211; Oficina 1-2, primer piso Plaza Lagos, Km. 6,5 V\u00eda a Samborond\u00f3n Las citas para renovaci\u00f3n y emisi\u00f3n de pasaportes estar\u00e1n disponibles a partir del 15 [&hellip;]","protected":false},"author":1,"featured_media":0,"comment_status":"","ping_status":"","sticky":false,"template":"","format":"standard","meta":{"footnotes":""},"tags":[],"class_list":["post-1791","post","type-post","status-publish","format-standard","hentry"],"_links":{"self":[{"href":"https:\/\/ambquito.esteri.it\/es\/wp-json\/wp\/v2\/posts\/1791","targetHints":{"allow":["GET"]}}],"collection":[{"href":"https:\/\/ambquito.esteri.it\/es\/wp-json\/wp\/v2\/posts"}],"about":[{"href":"https:\/\/ambquito.esteri.it\/es\/wp-json\/wp\/v2\/types\/post"}],"author":[{"embeddable":true,"href":"https:\/\/ambquito.esteri.it\/es\/wp-json\/wp\/v2\/users\/1"}],"replies":[{"embeddable":true,"href":"https:\/\/ambquito.esteri.it\/es\/wp-json\/wp\/v2\/comments?post=1791"}],"version-history":[{"count":0,"href":"https:\/\/ambquito.esteri.it\/es\/wp-json\/wp\/v2\/posts\/1791\/revisions"}],"wp:attachment":[{"href":"https:\/\/ambquito.esteri.it\/es\/wp-json\/wp\/v2\/media?parent=1791"}],"wp:term":[{"taxonomy":"post_tag","embeddable":true,"href":"https:\/\/ambquito.esteri.it\/es\/wp-json\/wp\/v2\/tags?post=1791"}],"curies":[{"name":"wp","href":"https:\/\/api.w.org\/{rel}","templated":true}]}}