{"id":1631,"date":"2021-10-06T19:13:56","date_gmt":"2021-10-07T00:13:56","guid":{"rendered":"https:\/\/ambquito.esteri.it\/news\/dall_ambasciata\/2021\/10\/il-6-ottobre-2021-con-apposito-2\/"},"modified":"2021-10-06T19:13:56","modified_gmt":"2021-10-07T00:13:56","slug":"il-6-ottobre-2021-con-apposito-2","status":"publish","type":"post","link":"https:\/\/ambquito.esteri.it\/es\/news\/dall_ambasciata\/2021\/10\/il-6-ottobre-2021-con-apposito-2\/","title":{"rendered":"El 6 de octubre de 2021, en la Canciller\u00eda Consular de la Embajada de Italia en Quito, con espec\u00edfico DECRETO CONSULAR, se estableci\u00f3 la Comisi\u00f3n Electoral (CEC), como previsto en el art. 15, p\u00e1rrafo 2, Decreto Presidencial 395\/2003."},"content":{"rendered":"<p>El 6 de octubre de 2021, en la Canciller\u00eda Consular de la Embajada de Italia en Quito, con espec\u00edfico <a href=\"resource\/doc\/2021\/10\/07-_costituzione_cec_elezioni_comites.pdf\">DECRETO CONSULAR<\/a>, se estableci\u00f3 la Comisi\u00f3n Electoral (CEC), como previsto en el art. 15, p\u00e1rrafo 2, Decreto Presidencial 395\/2003.<\/p>\n","protected":false},"excerpt":{"rendered":"El 6 de octubre de 2021, en la Canciller\u00eda Consular de la Embajada de Italia en Quito, con espec\u00edfico DECRETO CONSULAR, se estableci\u00f3 la Comisi\u00f3n Electoral (CEC), como previsto en el art. 15, p\u00e1rrafo 2, Decreto Presidencial 395\/2003.","protected":false},"author":1,"featured_media":0,"comment_status":"","ping_status":"","sticky":false,"template":"","format":"standard","meta":{"footnotes":""},"tags":[],"class_list":["post-1631","post","type-post","status-publish","format-standard","hentry"],"_links":{"self":[{"href":"https:\/\/ambquito.esteri.it\/es\/wp-json\/wp\/v2\/posts\/1631","targetHints":{"allow":["GET"]}}],"collection":[{"href":"https:\/\/ambquito.esteri.it\/es\/wp-json\/wp\/v2\/posts"}],"about":[{"href":"https:\/\/ambquito.esteri.it\/es\/wp-json\/wp\/v2\/types\/post"}],"author":[{"embeddable":true,"href":"https:\/\/ambquito.esteri.it\/es\/wp-json\/wp\/v2\/users\/1"}],"replies":[{"embeddable":true,"href":"https:\/\/ambquito.esteri.it\/es\/wp-json\/wp\/v2\/comments?post=1631"}],"version-history":[{"count":0,"href":"https:\/\/ambquito.esteri.it\/es\/wp-json\/wp\/v2\/posts\/1631\/revisions"}],"wp:attachment":[{"href":"https:\/\/ambquito.esteri.it\/es\/wp-json\/wp\/v2\/media?parent=1631"}],"wp:term":[{"taxonomy":"post_tag","embeddable":true,"href":"https:\/\/ambquito.esteri.it\/es\/wp-json\/wp\/v2\/tags?post=1631"}],"curies":[{"name":"wp","href":"https:\/\/api.w.org\/{rel}","templated":true}]}}