{"id":1444,"date":"2022-12-16T18:35:16","date_gmt":"2022-12-16T23:35:16","guid":{"rendered":"https:\/\/ambquito.esteri.it\/news\/dall_ambasciata\/2022\/12\/ii-giornata-nazionale-dello-spazio-2\/"},"modified":"2022-12-16T18:35:16","modified_gmt":"2022-12-16T23:35:16","slug":"ii-giornata-nazionale-dello-spazio-2","status":"publish","type":"post","link":"https:\/\/ambquito.esteri.it\/es\/news\/dall_ambasciata\/2022\/12\/ii-giornata-nazionale-dello-spazio-2\/","title":{"rendered":"\u00abII Jornada Aeroespacial Italiana\u00bb"},"content":{"rendered":"<p style=\"text-align: justify;\">El 15 de diciembre hemos celebrado la \u00abII Jornada Aeroespacial Italiana\u00bb, con la inauguraci\u00f3n de la muestra fotogr\u00e1fica \u201cLooking Beyond\u201d, en el Auditorio Alejandro Segovia de la Universidad de las Fuerzas Armadas, ESPE (Valle de los Chillos). Esta exposici\u00f3n, cuyo curador es Filippo Maggia, uno de los expertos italianos m\u00e1s reconocidos internacionalmente en el campo de la fotograf\u00eda contempor\u00e1nea, se divide en cinco secciones:<br \/>o Agricultura;<br \/>o Infraestructura y desarrollo, ciudades y metr\u00f3polis del mundo<br \/>o Cambio clim\u00e1tico<br \/>o Desastres ambientales<br \/>o Lugares ocultos revelados por im\u00e1genes satelitales (sitios arqueol\u00f3gicos, pueblos, islas remotas, atolones).<\/p>\n<p style=\"text-align: justify;\">La importancia de este sector aeroespacial para Italia se ve reflejado tambi\u00e9n en que nuestro pa\u00eds y la ciudad de Mil\u00e1n precisamente, han sido elegidos para albergar en 2024 la 75\u00aa edici\u00f3n del Congreso Internacional de Astron\u00e1utica (IAC), el m\u00e1s importante evento del sector espacial de car\u00e1cter general.<\/p>\n<p style=\"text-align: justify;\">A m\u00e1s de la muestra fotogr\u00e1fica, se realiz\u00f3 un seminario sobre el tema: Fotograf\u00eda Satelital importancia y usos con ponencias de los expertos: Dra. Martha Villag\u00f3mez, del Instituto Geogr\u00e1fico Militar, Ing. Juan Jaramillo de la Fundaci\u00f3n Sideralis y Dr. Oswaldo Padilla de la Universidad de las Fuerzas Armadas, ESPE. Por parte de la Embajada el Primer Secretario y Jefe de Misi\u00f3n Adjunto, Dr. Mirko Costa dirigi\u00f3 el saludo a los participantes, entre los cuales, muchos estudiantes, docentes e investigadores del \u00e1rea espacial, evidenciando el papel protag\u00f3nico que Italia, con su industria y sus competencias cient\u00edficas tiene en este sector, tambi\u00e9n en la perspectiva de desarrollar ulterior colaboraci\u00f3n con Ecuador en el \u00e1mbito acad\u00e9mico, industrial y comercial.<\/p>\n","protected":false},"excerpt":{"rendered":"El 15 de diciembre hemos celebrado la \u00abII Jornada Aeroespacial Italiana\u00bb, con la inauguraci\u00f3n de la muestra fotogr\u00e1fica \u201cLooking Beyond\u201d, en el Auditorio Alejandro Segovia de la Universidad de las Fuerzas Armadas, ESPE (Valle de los Chillos). Esta exposici\u00f3n, cuyo curador es Filippo Maggia, uno de los expertos italianos m\u00e1s reconocidos internacionalmente en el campo [&hellip;]","protected":false},"author":1,"featured_media":0,"comment_status":"","ping_status":"","sticky":false,"template":"","format":"standard","meta":{"footnotes":""},"tags":[],"class_list":["post-1444","post","type-post","status-publish","format-standard","hentry"],"_links":{"self":[{"href":"https:\/\/ambquito.esteri.it\/es\/wp-json\/wp\/v2\/posts\/1444","targetHints":{"allow":["GET"]}}],"collection":[{"href":"https:\/\/ambquito.esteri.it\/es\/wp-json\/wp\/v2\/posts"}],"about":[{"href":"https:\/\/ambquito.esteri.it\/es\/wp-json\/wp\/v2\/types\/post"}],"author":[{"embeddable":true,"href":"https:\/\/ambquito.esteri.it\/es\/wp-json\/wp\/v2\/users\/1"}],"replies":[{"embeddable":true,"href":"https:\/\/ambquito.esteri.it\/es\/wp-json\/wp\/v2\/comments?post=1444"}],"version-history":[{"count":0,"href":"https:\/\/ambquito.esteri.it\/es\/wp-json\/wp\/v2\/posts\/1444\/revisions"}],"wp:attachment":[{"href":"https:\/\/ambquito.esteri.it\/es\/wp-json\/wp\/v2\/media?parent=1444"}],"wp:term":[{"taxonomy":"post_tag","embeddable":true,"href":"https:\/\/ambquito.esteri.it\/es\/wp-json\/wp\/v2\/tags?post=1444"}],"curies":[{"name":"wp","href":"https:\/\/api.w.org\/{rel}","templated":true}]}}